{"id":2950,"date":"2018-10-12T11:34:23","date_gmt":"2018-10-12T08:34:23","guid":{"rendered":"http:\/\/kruununjalokivet.com\/?p=2950"},"modified":"2024-08-11T14:59:29","modified_gmt":"2024-08-11T11:59:29","slug":"kastehelmi-tuikkujen-varit","status":"publish","type":"post","link":"https:\/\/kruununjalokivet.com\/?p=2950","title":{"rendered":"Kastehelmi tuikkujen v\u00e4rit"},"content":{"rendered":"<p><meta name=robots content=noindex><br \/>\nKastehelmi sarja on todellakin suunniteltu 1964 vuonna ja suunnittelijana on ollut Oiva Toikka.<\/p>\n<p>Iittalan kastehelmituikut ovat tulleet tuotantoon 2010 -luvun j\u00e4lkeen, samalla kun osa suosituista tuotteista palasi takaisin tuotantoon.<\/p>\n<p>Alunperin kastehelmi sarjan eri osia tehtiin vuosina 1964 &#8211; 1988. Joskus huomaa ihmisten kysyv\u00e4n, onko uudempaa vai vanhempaa tuotantoa.<\/p>\n<p>Tuikkujen koko on 64 mm. Kuvia v\u00f6reist\u00e4 voin laittaa my\u00f6hemmin. Kaikkia v\u00e4rej\u00e4 en v\u00e4ltt\u00e4m\u00e4tt\u00e4 tule hankkimaan itselleni.<\/p>\n<p>Tuikkujen v\u00e4rein\u00e4 on olleet seuraavat v\u00e4rit:<\/p>\n<table border=0>\n<tr>\n<td>Aavikko, 2015 &#8211; 2018<\/td>\n<\/tr>\n<tr>\n<td>Ametisti, 2021<\/td>\n<\/tr>\n<tr>\n<td>Harmaa, 2012 &#8211; <\/td>\n<\/tr>\n<tr>\n<td>Havunvihre\u00e4, 2024<\/td>\n<\/tr>\n<tr>\n<td>Hiekka, 2012 &#8211; 2019<\/td>\n<\/tr>\n<tr>\n<td>Kanerva, 2023 syksy<\/td>\n<\/tr>\n<tr>\n<td>Karpalo, 2015 &#8211; <\/td>\n<\/tr>\n<tr>\n<td>Kirkas, 2012  &#8211; <\/td>\n<\/tr>\n<tr>\n<td>Laventeli, 2013 &#8211; 2017<\/td>\n<\/tr>\n<tr>\n<td>Lohenpunainen, 2013 &#8211; 2017, 2020 &#8211;<\/td>\n<\/tr>\n<tr>\n<td>Matta kirkas, 2012 &#8211;<\/td>\n<\/tr>\n<tr>\n<td>Merensininen, 2013 &#8211; 31.3.2024<\/td>\n<\/tr>\n<tr>\n<td>Mets\u00e4nvihre\u00e4, 2013 &#8211; 06\/2015<\/td>\n<\/tr>\n<tr>\n<td>Omenanvihre\u00e4, 2012 &#8211; 2018<\/td>\n<\/tr>\n<tr>\n<td>Pellava, 2020 &#8211;<\/td>\n<\/tr>\n<tr>\n<td>Pomeranssi, 2013 &#8211; 2017<\/td>\n<\/tr>\n<tr>\n<td>Punainen, 2012 &#8211; 2014<\/td>\n<\/tr>\n<tr>\n<td>Sade, 2013 &#8211;<\/td>\n<\/tr>\n<tr>\n<td>Sammaleenvihre\u00e4, 2018 &#8211; 31.3.2024<\/td>\n<\/tr>\n<tr>\n<td>Sitruunankeltainen, 2013 &#8211; 31.1.2025<\/td>\n<\/tr>\n<tr>\n<td>Smaragdi, 2016 &#8211; 2020<\/td>\n<\/tr>\n<tr>\n<td>Turkoosi, 2013 &#8211; 31.3.2024<\/td>\n<\/tr>\n<tr>\n<td>Ultramariininsininen Suomi 100 tuote, 2017<\/td>\n<\/tr>\n<tr>\n<td>Ultramariininsininen, joka ei ole Suomi 100 2023, poistuu 31.3.2025<\/td>\n<\/tr>\n<tr>\n<td>Vaalea pinkki, 2013 &#8211;<\/td>\n<\/tr>\n<tr>\n<td>Vaaleansininen, 2012 &#8211; 2019<\/td>\n<\/tr>\n<tr>\n<td>Vedensininen, 2018<\/td>\n<\/tr>\n<tr>\n<td>Vedenvihre\u00e4, 2012 &#8211; <\/td>\n<\/tr>\n<tr>\n<td>Vihre\u00e4, 2013 &#8211; 2018<\/td>\n<\/tr>\n<tr>\n<td>Kierr\u00e4tyslasista tehtyj\u00e4 v\u00e4rimaailmalta sinert\u00e4v\u00e4 ja vihert\u00e4v\u00e4<\/td>\n<\/tr>\n<\/table>\n<p>Lis\u00e4ksi nyky\u00e4\u00e4n on tehty maljakoita, joka on erilainen kuin k\u00e4\u00e4nt\u00f6maljakko (<a href=\"http:\/\/kruununjalokivet.com\/?p=2208\" rel=\"noopener noreferrer\" target=\"_blank\">K\u00e4\u00e4nt\u00f6maljakon malli<\/a>), lasipurkkeja, jalallinen kulho, jalallinen kakkuvati ja juomalaseja (<a href=\"http:\/\/kruununjalokivet.com\/?p=1380\" rel=\"noopener noreferrer\" target=\"_blank\">Linkki v\u00e4liv\u00e4ri juomalasiin<\/a>). N\u00e4it\u00e4 en ole n\u00e4hnyt vanhassa tuotannosssa. <\/p>\n","protected":false},"excerpt":{"rendered":"<p>Kastehelmi sarja on todellakin suunniteltu 1964 vuonna ja suunnittelijana on ollut Oiva Toikka. Iittalan kastehelmituikut ovat tulleet tuotantoon 2010 -luvun j\u00e4lkeen, samalla kun osa suosituista tuotteista palasi takaisin tuotantoon. Alunperin kastehelmi sarjan eri osia tehtiin vuosina 1964 &#8211; 1988. Joskus huomaa ihmisten kysyv\u00e4n, onko uudempaa vai vanhempaa tuotantoa. Tuikkujen koko on 64 mm. Kuvia v\u00f6reist\u00e4 &hellip; <a href=\"https:\/\/kruununjalokivet.com\/?p=2950\" class=\"more-link\">Jatka lukemista <span class=\"screen-reader-text\">Kastehelmi tuikkujen v\u00e4rit<\/span> <span class=\"meta-nav\">&rarr;<\/span><\/a><\/p>\n","protected":false},"author":1,"featured_media":0,"comment_status":"open","ping_status":"open","sticky":false,"template":"","format":"standard","meta":{"footnotes":""},"categories":[89,5],"tags":[90,51,88],"class_list":["post-2950","post","type-post","status-publish","format-standard","hentry","category-iittala","category-suomalainen-lasiteollisuus","tag-kastehelmi","tag-kynttilalyhty","tag-oiva-toikka"],"_links":{"self":[{"href":"https:\/\/kruununjalokivet.com\/index.php?rest_route=\/wp\/v2\/posts\/2950","targetHints":{"allow":["GET"]}}],"collection":[{"href":"https:\/\/kruununjalokivet.com\/index.php?rest_route=\/wp\/v2\/posts"}],"about":[{"href":"https:\/\/kruununjalokivet.com\/index.php?rest_route=\/wp\/v2\/types\/post"}],"author":[{"embeddable":true,"href":"https:\/\/kruununjalokivet.com\/index.php?rest_route=\/wp\/v2\/users\/1"}],"replies":[{"embeddable":true,"href":"https:\/\/kruununjalokivet.com\/index.php?rest_route=%2Fwp%2Fv2%2Fcomments&post=2950"}],"version-history":[{"count":16,"href":"https:\/\/kruununjalokivet.com\/index.php?rest_route=\/wp\/v2\/posts\/2950\/revisions"}],"predecessor-version":[{"id":3972,"href":"https:\/\/kruununjalokivet.com\/index.php?rest_route=\/wp\/v2\/posts\/2950\/revisions\/3972"}],"wp:attachment":[{"href":"https:\/\/kruununjalokivet.com\/index.php?rest_route=%2Fwp%2Fv2%2Fmedia&parent=2950"}],"wp:term":[{"taxonomy":"category","embeddable":true,"href":"https:\/\/kruununjalokivet.com\/index.php?rest_route=%2Fwp%2Fv2%2Fcategories&post=2950"},{"taxonomy":"post_tag","embeddable":true,"href":"https:\/\/kruununjalokivet.com\/index.php?rest_route=%2Fwp%2Fv2%2Ftags&post=2950"}],"curies":[{"name":"wp","href":"https:\/\/api.w.org\/{rel}","templated":true}]}}