{"id":3749,"date":"2021-04-07T12:26:24","date_gmt":"2021-04-07T09:26:24","guid":{"rendered":"http:\/\/kruununjalokivet.com\/?p=3749"},"modified":"2021-04-20T21:21:35","modified_gmt":"2021-04-20T18:21:35","slug":"aalto-maljakon-pienoismalli-miniature","status":"publish","type":"post","link":"https:\/\/kruununjalokivet.com\/?p=3749","title":{"rendered":"Aalto maljakon pienoismalli (miniature)"},"content":{"rendered":"<p><meta name=robots content=noindex><br \/>\nAalto maljakoista on tehty miniatureja eli pienoismallina Aalto maljakko.<\/p>\n<p>T\u00e4m\u00e4 maljakon korkeus on 55 mm ja malli on samanlainen kuin 160 mm maljakko.<\/p>\n<p>N\u00e4it\u00e4 on myyty 6 kappaleen pakkauksessa ja erikseen kaikki v\u00e4rit (suluissa on koska v\u00e4ri on poistunut tuotannosta 31.12):<\/p>\n<table border=0>\n<tr>\n<td>\u266a<\/td>\n<td>Azurin sininen, (2011)<\/td>\n<\/tr>\n<tr>\n<td>\u266a<\/td>\n<td>Kirkas, (2013)<\/td>\n<\/tr>\n<tr>\n<td>\u266a<\/td>\n<td>Punainen, numeroitu sarja 1 000 kpl, (2011)<\/td>\n<\/tr>\n<tr>\n<td>\u266a<\/td>\n<td>Rion ruskea, (2012)<\/td>\n<\/tr>\n<tr>\n<td>\u266a<\/td>\n<td>Savunharmaa, (2012)<\/td>\n<\/tr>\n<tr>\n<td>\u266a<\/td>\n<td>Valkoinen, (2013)<\/td>\n<\/tr>\n<tr>\n<td>\u266a<\/td>\n<td>Vihre\u00e4, (2011)<\/td>\n<\/tr>\n<\/table>\n<p>6 kappaleen pienoismalli pakkaus on ollut myynniss\u00e4 ainakin vuonna 2011. <\/p>\n<table border=0>\n<tr>\n<td><a href=\"http:\/\/kruununjalokivet.com\/wp-content\/uploads\/2021\/04\/Pienoismallit_aalto-scaled.jpg\" target=\"_blank\" rel=\"noopener\"><img decoding=\"async\" src=\"http:\/\/kruununjalokivet.com\/wp-content\/uploads\/2021\/04\/Pienoismallit_aalto-300x156.jpg\" alt=\"Aalto_pienoismallit\" \" \/><\/a><\/td>\n<\/tr>\n<tr>\n<td>Takarivi: Valkoinen, Azurin sininen, Vihre\u00e4 ja Rion ruskea <br \/> Eturivi: Savunharmaa, Punainen ja Kirkas <\/td>\n<\/tr>\n<\/table>\n<p>Punainen on myyty puulaatikossa ja kuten tuohon yl\u00f6s laitoin 1 000 kappalleen numeroitu sarja. L\u00f6ytyy my\u00f6s ilman numerointia. <\/p>\n<table border=0>\n<tr>\n<td><a href=\"http:\/\/kruununjalokivet.com\/wp-content\/uploads\/2021\/04\/punainen_aalto_pienoismalli-scaled.jpg\" target=\"_blank\" rel=\"noopener\"><img decoding=\"async\" src=\"http:\/\/kruununjalokivet.com\/wp-content\/uploads\/2021\/04\/punainen_aalto_pienoismalli-300x238.jpg\" alt=\"\"  \/><\/a><\/td>\n<\/tr>\n<tr>\n<td>Punaisen pienoismallin myyntipakkaus<\/td>\n<\/tr>\n<\/table>\n<p>Lis\u00e4ksi virallisten listausten ulkopuolelta olen n\u00e4hnyt Tumma lilan s\u00e4vyinen miniature (se onko lila vai tumma lila virallisesti ei ole selvinyt). <\/p>\n<p>Tumman lilan tai lilan miniaturen historiaa en tied\u00e4 sen tarkemmin. Iittala on tehnyt n\u00e4it\u00e4 tuotteita aina yrityksillekin, joten on mahdollista, ett\u00e4 t\u00e4m\u00e4 v\u00e4ri on t\u00e4ll\u00e4inen tuote.<\/p>\n<p>Kuten varmaan huomaatte aikaisemmasta kirjoituksestani, olen ostanut tuon Valkoisen ulkomaalaisesta verkkokaupasta.<\/p>\n<p>Huomioithan, ett\u00e4 blogin kuvia ei ole lupa k\u00e4ytt\u00e4\u00e4.<\/p>\n","protected":false},"excerpt":{"rendered":"<p>Aalto maljakoista on tehty miniatureja eli pienoismallina Aalto maljakko. T\u00e4m\u00e4 maljakon korkeus on 55 mm ja malli on samanlainen kuin 160 mm maljakko. N\u00e4it\u00e4 on myyty 6 kappaleen pakkauksessa ja erikseen kaikki v\u00e4rit (suluissa on koska v\u00e4ri on poistunut tuotannosta 31.12): \u266a Azurin sininen, (2011) \u266a Kirkas, (2013) \u266a Punainen, numeroitu sarja 1 000 kpl, &hellip; <a href=\"https:\/\/kruununjalokivet.com\/?p=3749\" class=\"more-link\">Jatka lukemista <span class=\"screen-reader-text\">Aalto maljakon pienoismalli (miniature)<\/span> <span class=\"meta-nav\">&rarr;<\/span><\/a><\/p>\n","protected":false},"author":1,"featured_media":0,"comment_status":"closed","ping_status":"closed","sticky":false,"template":"","format":"standard","meta":{"footnotes":""},"categories":[47,89],"tags":[217,26,267],"class_list":["post-3749","post","type-post","status-publish","format-standard","hentry","category-alvar-aalto","category-iittala","tag-aalto-alvar","tag-iittala","tag-juhlavuosi"],"_links":{"self":[{"href":"https:\/\/kruununjalokivet.com\/index.php?rest_route=\/wp\/v2\/posts\/3749","targetHints":{"allow":["GET"]}}],"collection":[{"href":"https:\/\/kruununjalokivet.com\/index.php?rest_route=\/wp\/v2\/posts"}],"about":[{"href":"https:\/\/kruununjalokivet.com\/index.php?rest_route=\/wp\/v2\/types\/post"}],"author":[{"embeddable":true,"href":"https:\/\/kruununjalokivet.com\/index.php?rest_route=\/wp\/v2\/users\/1"}],"replies":[{"embeddable":true,"href":"https:\/\/kruununjalokivet.com\/index.php?rest_route=%2Fwp%2Fv2%2Fcomments&post=3749"}],"version-history":[{"count":16,"href":"https:\/\/kruununjalokivet.com\/index.php?rest_route=\/wp\/v2\/posts\/3749\/revisions"}],"predecessor-version":[{"id":3773,"href":"https:\/\/kruununjalokivet.com\/index.php?rest_route=\/wp\/v2\/posts\/3749\/revisions\/3773"}],"wp:attachment":[{"href":"https:\/\/kruununjalokivet.com\/index.php?rest_route=%2Fwp%2Fv2%2Fmedia&parent=3749"}],"wp:term":[{"taxonomy":"category","embeddable":true,"href":"https:\/\/kruununjalokivet.com\/index.php?rest_route=%2Fwp%2Fv2%2Fcategories&post=3749"},{"taxonomy":"post_tag","embeddable":true,"href":"https:\/\/kruununjalokivet.com\/index.php?rest_route=%2Fwp%2Fv2%2Ftags&post=3749"}],"curies":[{"name":"wp","href":"https:\/\/api.w.org\/{rel}","templated":true}]}}