{"id":3895,"date":"2023-02-26T13:29:33","date_gmt":"2023-02-26T10:29:33","guid":{"rendered":"https:\/\/kruununjalokivet.com\/?p=3895"},"modified":"2023-04-03T21:09:35","modified_gmt":"2023-04-03T18:09:35","slug":"vuosivari-2023","status":"publish","type":"post","link":"https:\/\/kruununjalokivet.com\/?p=3895","title":{"rendered":"Vuosiv\u00e4ri 2023"},"content":{"rendered":"<p>T\u00e4n\u00e4 vuonna vuosiv\u00e4ri on Utramariininsininen, Kupari ja Pomeranssi.<\/p>\n<p>L\u00f6ytyy my\u00f6s syksyll\u00e4 2022 tehty\u00e4 Rion ruskeaa, savunharmaaa sek\u00e4 kirkas 1937. <\/p>\n<p>Vuonna 2022 vuosiv\u00e4rin\u00e4 oli Utramariininsininen ja Kupari<\/p>\n<p>Iittala julkaisi siis uusia tuotteita tai siis malleja. Iittala esittelee n\u00e4m\u00e4 seuraavalla tavalla:<\/p>\n<p>Alvar Aallon erikokoisista ja -mallisista maljakoista koostuva Aalto-kokoelma voitti kultaa vuoden 1936 Karhula-Iittalan suunnittelukilpailussa. Seuraavana vuonna kokoelma esiteltiin Pariisin maailmann\u00e4yttelyss\u00e4. Uusi 250mm maljakko pohjautuu n\u00e4ihin alkuper\u00e4isiin Aallon 1930-luvun luonnoksiin, mutta on kokonsa puolesta p\u00e4ivitetty nykyp\u00e4iv\u00e4n tarpeisiin sopivaksi.<\/p>\n<p>Jokainen maljakko on valmistettu k\u00e4sity\u00f6n\u00e4 puumuottiin suupuhaltamalla Iittalan lasitehtaalla. Valmistustapa antaa maljakolle sen kauniin eloisan ja yksil\u00f6llisen pinnan. Kirkas 1937 on yksi Alvar Aalto -kokoelman alkuper\u00e4isist\u00e4 v\u00e4ris\u00e4vyist\u00e4. 1930-luvulla lasinvalmistuksessa k\u00e4ytetyn hiekan korkean rautapitoisuuden my\u00f6t\u00e4 ajalle tyypillinen kirkas lasi oli vaalean vihert\u00e4v\u00e4\u00e4. Suljettu ja numeroitu 2023 kpl sarja.<\/p>\n<p>Kuvia laitan sit\u00e4 mukaan, jos saan itselleni maljakosta kuvia tai maljasta.<\/p>\n","protected":false},"excerpt":{"rendered":"<p>T\u00e4n\u00e4 vuonna vuosiv\u00e4ri on Utramariininsininen, Kupari ja Pomeranssi. L\u00f6ytyy my\u00f6s syksyll\u00e4 2022 tehty\u00e4 Rion ruskeaa, savunharmaaa sek\u00e4 kirkas 1937. Vuonna 2022 vuosiv\u00e4rin\u00e4 oli Utramariininsininen ja Kupari Iittala julkaisi siis uusia tuotteita tai siis malleja. Iittala esittelee n\u00e4m\u00e4 seuraavalla tavalla: Alvar Aallon erikokoisista ja -mallisista maljakoista koostuva Aalto-kokoelma voitti kultaa vuoden 1936 Karhula-Iittalan suunnittelukilpailussa. Seuraavana vuonna &hellip; <a href=\"https:\/\/kruununjalokivet.com\/?p=3895\" class=\"more-link\">Jatka lukemista <span class=\"screen-reader-text\">Vuosiv\u00e4ri 2023<\/span> <span class=\"meta-nav\">&rarr;<\/span><\/a><\/p>\n","protected":false},"author":1,"featured_media":0,"comment_status":"closed","ping_status":"closed","sticky":false,"template":"","format":"standard","meta":{"footnotes":""},"categories":[47,5,13],"tags":[50],"class_list":["post-3895","post","type-post","status-publish","format-standard","hentry","category-alvar-aalto","category-suomalainen-lasiteollisuus","category-yleista-kirjoittelua","tag-aalto"],"_links":{"self":[{"href":"https:\/\/kruununjalokivet.com\/index.php?rest_route=\/wp\/v2\/posts\/3895","targetHints":{"allow":["GET"]}}],"collection":[{"href":"https:\/\/kruununjalokivet.com\/index.php?rest_route=\/wp\/v2\/posts"}],"about":[{"href":"https:\/\/kruununjalokivet.com\/index.php?rest_route=\/wp\/v2\/types\/post"}],"author":[{"embeddable":true,"href":"https:\/\/kruununjalokivet.com\/index.php?rest_route=\/wp\/v2\/users\/1"}],"replies":[{"embeddable":true,"href":"https:\/\/kruununjalokivet.com\/index.php?rest_route=%2Fwp%2Fv2%2Fcomments&post=3895"}],"version-history":[{"count":4,"href":"https:\/\/kruununjalokivet.com\/index.php?rest_route=\/wp\/v2\/posts\/3895\/revisions"}],"predecessor-version":[{"id":3900,"href":"https:\/\/kruununjalokivet.com\/index.php?rest_route=\/wp\/v2\/posts\/3895\/revisions\/3900"}],"wp:attachment":[{"href":"https:\/\/kruununjalokivet.com\/index.php?rest_route=%2Fwp%2Fv2%2Fmedia&parent=3895"}],"wp:term":[{"taxonomy":"category","embeddable":true,"href":"https:\/\/kruununjalokivet.com\/index.php?rest_route=%2Fwp%2Fv2%2Fcategories&post=3895"},{"taxonomy":"post_tag","embeddable":true,"href":"https:\/\/kruununjalokivet.com\/index.php?rest_route=%2Fwp%2Fv2%2Ftags&post=3895"}],"curies":[{"name":"wp","href":"https:\/\/api.w.org\/{rel}","templated":true}]}}